{"id":1606,"date":"2025-03-21T16:00:13","date_gmt":"2025-03-21T16:00:13","guid":{"rendered":"https:\/\/dzoncauichyucatan.gob.mx\/?p=1606"},"modified":"2025-03-21T16:00:13","modified_gmt":"2025-03-21T16:00:13","slug":"presentacion-de-la-embajadora-de-la-tradicional-feria-dzoncauich-2025","status":"publish","type":"post","link":"https:\/\/dzoncauichyucatan.gob.mx\/index.php\/2025\/03\/21\/presentacion-de-la-embajadora-de-la-tradicional-feria-dzoncauich-2025\/","title":{"rendered":"Presentaci\u00f3n de la embajadora de la Tradicional Feria Dzoncauich 2025."},"content":{"rendered":"<div id='gallery-1' class='gallery galleryid-1606 gallery-columns-9 gallery-size-thumbnail'><figure class='gallery-item'>\n\t\t\t<div class='gallery-icon landscape'>\n\t\t\t\t<a href='https:\/\/dzoncauichyucatan.gob.mx\/wp-content\/uploads\/2025\/03\/481123148_122154318038511417_3708226405929743167_n.jpg'><img loading=\"lazy\" decoding=\"async\" width=\"150\" height=\"150\" src=\"https:\/\/dzoncauichyucatan.gob.mx\/wp-content\/uploads\/2025\/03\/481123148_122154318038511417_3708226405929743167_n-150x150.jpg\" class=\"attachment-thumbnail size-thumbnail\" alt=\"\" \/><\/a>\n\t\t\t<\/div><\/figure><figure class='gallery-item'>\n\t\t\t<div class='gallery-icon landscape'>\n\t\t\t\t<a href='https:\/\/dzoncauichyucatan.gob.mx\/wp-content\/uploads\/2025\/03\/481207485_122154317972511417_3235871551643542246_n.jpg'><img loading=\"lazy\" decoding=\"async\" width=\"150\" height=\"150\" src=\"https:\/\/dzoncauichyucatan.gob.mx\/wp-content\/uploads\/2025\/03\/481207485_122154317972511417_3235871551643542246_n-150x150.jpg\" class=\"attachment-thumbnail size-thumbnail\" alt=\"\" \/><\/a>\n\t\t\t<\/div><\/figure><figure class='gallery-item'>\n\t\t\t<div class='gallery-icon landscape'>\n\t\t\t\t<a href='https:\/\/dzoncauichyucatan.gob.mx\/wp-content\/uploads\/2025\/03\/481208928_122154318770511417_8214159320429453455_n.jpg'><img loading=\"lazy\" decoding=\"async\" width=\"150\" height=\"150\" src=\"https:\/\/dzoncauichyucatan.gob.mx\/wp-content\/uploads\/2025\/03\/481208928_122154318770511417_8214159320429453455_n-150x150.jpg\" class=\"attachment-thumbnail size-thumbnail\" alt=\"\" \/><\/a>\n\t\t\t<\/div><\/figure><figure class='gallery-item'>\n\t\t\t<div class='gallery-icon landscape'>\n\t\t\t\t<a href='https:\/\/dzoncauichyucatan.gob.mx\/wp-content\/uploads\/2025\/03\/481259850_122154319046511417_782286347597376044_n.jpg'><img loading=\"lazy\" decoding=\"async\" width=\"150\" height=\"150\" src=\"https:\/\/dzoncauichyucatan.gob.mx\/wp-content\/uploads\/2025\/03\/481259850_122154319046511417_782286347597376044_n-150x150.jpg\" class=\"attachment-thumbnail size-thumbnail\" alt=\"\" \/><\/a>\n\t\t\t<\/div><\/figure><figure class='gallery-item'>\n\t\t\t<div class='gallery-icon landscape'>\n\t\t\t\t<a href='https:\/\/dzoncauichyucatan.gob.mx\/wp-content\/uploads\/2025\/03\/481309863_122154317900511417_8129831948040792026_n.jpg'><img loading=\"lazy\" decoding=\"async\" width=\"150\" height=\"150\" src=\"https:\/\/dzoncauichyucatan.gob.mx\/wp-content\/uploads\/2025\/03\/481309863_122154317900511417_8129831948040792026_n-150x150.jpg\" class=\"attachment-thumbnail size-thumbnail\" alt=\"\" \/><\/a>\n\t\t\t<\/div><\/figure><figure class='gallery-item'>\n\t\t\t<div class='gallery-icon landscape'>\n\t\t\t\t<a href='https:\/\/dzoncauichyucatan.gob.mx\/wp-content\/uploads\/2025\/03\/481513369_122154319322511417_4880861370733237356_n.jpg'><img loading=\"lazy\" decoding=\"async\" width=\"150\" height=\"150\" src=\"https:\/\/dzoncauichyucatan.gob.mx\/wp-content\/uploads\/2025\/03\/481513369_122154319322511417_4880861370733237356_n-150x150.jpg\" class=\"attachment-thumbnail size-thumbnail\" alt=\"\" \/><\/a>\n\t\t\t<\/div><\/figure><figure class='gallery-item'>\n\t\t\t<div class='gallery-icon landscape'>\n\t\t\t\t<a href='https:\/\/dzoncauichyucatan.gob.mx\/wp-content\/uploads\/2025\/03\/481569200_122154318596511417_6194879853645357943_n.jpg'><img loading=\"lazy\" decoding=\"async\" width=\"150\" height=\"150\" src=\"https:\/\/dzoncauichyucatan.gob.mx\/wp-content\/uploads\/2025\/03\/481569200_122154318596511417_6194879853645357943_n-150x150.jpg\" class=\"attachment-thumbnail size-thumbnail\" alt=\"\" \/><\/a>\n\t\t\t<\/div><\/figure><figure class='gallery-item'>\n\t\t\t<div class='gallery-icon landscape'>\n\t\t\t\t<a href='https:\/\/dzoncauichyucatan.gob.mx\/wp-content\/uploads\/2025\/03\/481707440_122154318332511417_5910724751068797979_n.jpg'><img loading=\"lazy\" decoding=\"async\" width=\"150\" height=\"150\" src=\"https:\/\/dzoncauichyucatan.gob.mx\/wp-content\/uploads\/2025\/03\/481707440_122154318332511417_5910724751068797979_n-150x150.jpg\" class=\"attachment-thumbnail size-thumbnail\" alt=\"\" \/><\/a>\n\t\t\t<\/div><\/figure><figure class='gallery-item'>\n\t\t\t<div class='gallery-icon portrait'>\n\t\t\t\t<a href='https:\/\/dzoncauichyucatan.gob.mx\/wp-content\/uploads\/2025\/03\/481816232_122154317846511417_744190793035842410_n.jpg'><img loading=\"lazy\" decoding=\"async\" width=\"150\" height=\"150\" src=\"https:\/\/dzoncauichyucatan.gob.mx\/wp-content\/uploads\/2025\/03\/481816232_122154317846511417_744190793035842410_n-150x150.jpg\" class=\"attachment-thumbnail size-thumbnail\" alt=\"\" \/><\/a>\n\t\t\t<\/div><\/figure>\n\t\t<\/div>\n\n<div class=\"xdj266r x11i5rnm xat24cr x1mh8g0r x1vvkbs x126k92a\">\n<div dir=\"auto\">El d\u00eda de ayer, domingo 2 de marzo, en un ambiente de fiesta y convivencia, el alcalde \ud835\udc73\ud835\udc8a\ud835\udc84. <span class=\"html-span xdj266r x11i5rnm xat24cr x1mh8g0r xexx8yu x4uap5 x18d9i69 xkhd6sd x1hl2dhg x16tdsg8 x1vvkbs\"><a class=\"x1i10hfl xjbqb8w x1ejq31n xd10rxx x1sy0etr x17r0tee x972fbf xcfux6l x1qhh985 xm0m39n x9f619 x1ypdohk xt0psk2 xe8uvvx xdj266r x11i5rnm xat24cr x1mh8g0r xexx8yu x4uap5 x18d9i69 xkhd6sd x16tdsg8 x1hl2dhg xggy1nq x1a2a7pz xkrqix3 x1sur9pj x1fey0fg x1s688f\" tabindex=\"0\" role=\"link\" href=\"https:\/\/www.facebook.com\/profile.php?id=100094756084984&amp;__cft__[0]=AZWA28cxmTRgJYr5sE7ZptrxyUtZ1ruFcHGBIsKfRvN9kn1KOTo63zRoEAXuNjibXwexntzgroDrHvY9j1WKSEqq20orCB7g0Gsf-jOSJBjcMUA3Ff4MiyHiJq3iTDn65QmMTshcNVmnKm_ur7SiobAi&amp;__tn__=-]K-R\"><span class=\"xt0psk2\"><span class=\"xjp7ctv\">Sergio Cohuo Zavala<\/span><\/span><\/a><\/span>, junto a su cabildo, llev\u00f3 a cabo la presentaci\u00f3n oficial de la embajadora de la \ud835\udc05\ud835\udc1e\ud835\udc2b\ud835\udc22\ud835\udc1a \ud835\udc13\ud835\udc2b\ud835\udc1a\ud835\udc1d\ud835\udc22\ud835\udc1c\ud835\udc22\ud835\udc28\ud835\udc27\ud835\udc1a\ud835\udc25 \ud835\udc03\ud835\udc33\ud835\udc28\ud835\udc27\ud835\udc1c\ud835\udc1a\ud835\udc2e\ud835\udc22\ud835\udc1c\ud835\udc21 \ud835\udfd0\ud835\udfce\ud835\udfd0\ud835\udfd3, la \ud835\udc7a\ud835\udc93\ud835\udc8a\ud835\udc95\ud835\udc82. \ud835\udc68\ud835\udc96\ud835\udc93\ud835\udc9a \ud835\udc71\ud835\udc90\ud835\udc89\ud835\udc82\ud835\udc8f\ud835\udc82 \ud835\udc77\ud835\udc90\ud835\udc8d\ud835\udc82\ud835\udc8f\ud835\udc84\ud835\udc90 \ud835\udc6b\ud835\udc9b\ud835\udc8a\ud835\udc83.<\/div>\n<\/div>\n<div class=\"x11i5rnm xat24cr x1mh8g0r x1vvkbs xtlvy1s x126k92a\">\n<div dir=\"auto\">Durante el evento, la embajadora estuvo acompa\u00f1ada por sus damas de honor que la acompa\u00f1ar\u00e1n a lo largo de esta gran celebraci\u00f3n; y como parte de este significativo momento la \ud835\udc46\ud835\udc5f\ud835\udc56\ud835\udc61\ud835\udc4e. \ud835\udc34\ud835\udc62\ud835\udc5f\ud835\udc66 \ud835\udc3d\ud835\udc5c\u210e\ud835\udc4e\ud835\udc5b\ud835\udc4e \ud835\udc43\ud835\udc5c\ud835\udc59\ud835\udc4e\ud835\udc5b\ud835\udc50\ud835\udc5c \ud835\udc37\ud835\udc67\ud835\udc56\ud835\udc4f dirigi\u00f3 unas palabras a los presentes:<\/div>\n<\/div>\n<div class=\"x11i5rnm xat24cr x1mh8g0r x1vvkbs xtlvy1s x126k92a\">\n<div dir=\"auto\">&#8220;\ud835\udc43\ud835\udc4e\ud835\udc5f\ud835\udc56 \ud835\udc5a\ud835\udc56 \ud835\udc60\ud835\udc52\ud835\udc5f \ud835\udc52\ud835\udc5a\ud835\udc4f\ud835\udc4e\ud835\udc57\ud835\udc4e\ud835\udc51\ud835\udc5c\ud835\udc5f\ud835\udc4e \ud835\udc51\ud835\udc52 \ud835\udc5a\ud835\udc56 \ud835\udc5a\ud835\udc62\ud835\udc5b\ud835\udc56\ud835\udc50\ud835\udc56\ud835\udc5d\ud835\udc56\ud835\udc5c \ud835\udc5b\ud835\udc5c \ud835\udc60\ud835\udc5c\ud835\udc59\ud835\udc5c \ud835\udc60\ud835\udc56\ud835\udc54\ud835\udc5b\ud835\udc56\ud835\udc53\ud835\udc56\ud835\udc50\ud835\udc4e \ud835\udc5f\ud835\udc52\ud835\udc5d\ud835\udc5f\ud835\udc52\ud835\udc60\ud835\udc52\ud835\udc5b\ud835\udc61\ud835\udc4e\ud835\udc5f\ud835\udc59\ud835\udc5c \ud835\udc52\ud835\udc5b \ud835\udc62\ud835\udc5b\ud835\udc4e \ud835\udc63\ud835\udc4e\ud835\udc5e\ud835\udc62\ud835\udc52\ud835\udc5f\u00ed\ud835\udc4e, \ud835\udc60\ud835\udc56\ud835\udc5b\ud835\udc5c \ud835\udc61\ud835\udc4e\ud835\udc5a\ud835\udc4f\ud835\udc56\ud835\udc52\u0301\ud835\udc5b \ud835\udc51\ud835\udc52\ud835\udc57\ud835\udc4e\ud835\udc5f \ud835\udc52\ud835\udc5b \ud835\udc4e\ud835\udc59\ud835\udc61\ud835\udc5c \ud835\udc52\ud835\udc59 \ud835\udc5b\ud835\udc5c\ud835\udc5a\ud835\udc4f\ud835\udc5f\ud835\udc52 \ud835\udc51\ud835\udc52 \ud835\udc37\ud835\udc67\ud835\udc5c\ud835\udc5b\ud835\udc50\ud835\udc4e\ud835\udc62\ud835\udc56\ud835\udc50\u210e, \ud835\udc52\ud835\udc5b \ud835\udc60\ud835\udc62 \ud835\udc50\ud835\udc62\ud835\udc59\ud835\udc61\ud835\udc62\ud835\udc5f\ud835\udc4e, \ud835\udc61\ud835\udc5f\ud835\udc4e\ud835\udc51\ud835\udc56\ud835\udc50\ud835\udc56\ud835\udc5c\ud835\udc5b\ud835\udc52\ud835\udc60, \ud835\udc60\ud835\udc62 \ud835\udc59\ud835\udc52\ud835\udc5b\ud835\udc54\ud835\udc62\ud835\udc4e, \ud835\udc60\ud835\udc62 \ud835\udc54\ud835\udc4e\ud835\udc60\ud835\udc61\ud835\udc5f\ud835\udc5c\ud835\udc5b\ud835\udc5c\ud835\udc5a\u00ed\ud835\udc4e; \ud835\udc52\ud835\udc60 \ud835\udc51\ud835\udc52\ud835\udc50\ud835\udc56\ud835\udc5f \ud835\udc61\ud835\udc5c\ud835\udc51\ud835\udc5c \ud835\udc59\ud835\udc5c \ud835\udc5e\ud835\udc62\ud835\udc52 \ud835\udc5f\ud835\udc52\ud835\udc5d\ud835\udc5f\ud835\udc52\ud835\udc60\ud835\udc52\ud835\udc5b\ud835\udc61\ud835\udc4e \ud835\udc4e \ud835\udc37\ud835\udc67\ud835\udc5c\ud835\udc5b\ud835\udc50\ud835\udc4e\ud835\udc62\ud835\udc56\ud835\udc50\u210e.<\/div>\n<div dir=\"auto\">\ud835\udc34\ud835\udc51\ud835\udc5e\ud835\udc62\ud835\udc56\ud835\udc52\ud835\udc5f\ud835\udc5c \u210e\ud835\udc5c\ud835\udc66 \ud835\udc52\ud835\udc59 \ud835\udc50\ud835\udc5c\ud835\udc5a\ud835\udc5d\ud835\udc5f\ud835\udc5c\ud835\udc5a\ud835\udc56\ud835\udc60\ud835\udc5c&#8230; y \ud835\udc5c\ud835\udc5f\ud835\udc54\ud835\udc62\ud835\udc59\ud835\udc59\ud835\udc5c\ud835\udc60\ud835\udc4e\ud835\udc5a\ud835\udc52\ud835\udc5b\ud835\udc61\ud835\udc52 \ud835\udc63\ud835\udc5c\ud835\udc66 \ud835\udc4e \ud835\udc5f\ud835\udc52\ud835\udc5d\ud835\udc5f\ud835\udc52\ud835\udc60\ud835\udc52\ud835\udc5b\ud835\udc61\ud835\udc4e\ud835\udc5f \ud835\udc4e \ud835\udc5a\ud835\udc56 \ud835\udc4f\ud835\udc52\ud835\udc59\ud835\udc59\ud835\udc5c \ud835\udc5a\ud835\udc62\ud835\udc5b\ud835\udc56\ud835\udc50\ud835\udc56\ud835\udc5d\ud835\udc56\ud835\udc5c.&#8221;<\/div>\n<\/div>\n<div class=\"x11i5rnm xat24cr x1mh8g0r x1vvkbs xtlvy1s x126k92a\">\n<div dir=\"auto\">Adem\u00e1s, como muestra de agradecimiento, la futura embajadora, entreg\u00f3 un presente especial a los palqueros, resaltando la importancia de su participaci\u00f3n en la feria.<\/div>\n<\/div>\n<div class=\"x11i5rnm xat24cr x1mh8g0r x1vvkbs xtlvy1s x126k92a\">\n<div dir=\"auto\">Para reforzar la planificaci\u00f3n del evento, se llev\u00f3 a cabo una junta de informaci\u00f3n y acuerdos con los palqueros, reafirmando el compromiso de trabajar en conjunto para el \u00e9xito de nuestra feria.<\/div>\n<\/div>\n<div class=\"x11i5rnm xat24cr x1mh8g0r x1vvkbs xtlvy1s x126k92a\">\n<div dir=\"auto\">As\u00ed mismo, el alcalde \ud835\ude13\ud835\ude2a\ud835\ude24. \ud835\ude1a\ud835\ude26\ud835\ude33\ud835\ude28\ud835\ude2a\ud835\ude30 \ud835\ude0a\ud835\ude30\ud835\ude29\ud835\ude36\ud835\ude30 \ud835\ude21\ud835\ude22\ud835\ude37\ud835\ude22\ud835\ude2d\ud835\ude22, brind\u00f3 informaci\u00f3n importante sobre la organizaci\u00f3n de la feria, destacando los grupos musicales que amenizar\u00e1n los festejos y los detalles sobre la tradicional corrida de toros, garantizando un espect\u00e1culo de calidad para el disfrute de todos los asistentes.<\/div>\n<\/div>\n<div class=\"x11i5rnm xat24cr x1mh8g0r x1vvkbs xtlvy1s x126k92a\">\n<div dir=\"auto\">Agradecemos a todos los asistentes por su entusiasmo y participaci\u00f3n.<\/div>\n<div dir=\"auto\">Muy pronto Dzoncauich estar\u00e1 celebrando a la virgen de la Inmaculada Concepci\u00f3n, en su tradicional Feria 2025, \u00a1\u00a1Te esperamos!!.<\/div>\n<\/div>\n","protected":false},"excerpt":{"rendered":"<p>El d\u00eda de ayer, domingo 2 de marzo, en un ambiente de fiesta y convivencia, el alcalde \ud835\udc73\ud835\udc8a\ud835\udc84. Sergio Cohuo Zavala, junto a su cabildo,<\/p>\n","protected":false},"author":1,"featured_media":1607,"comment_status":"closed","ping_status":"open","sticky":false,"template":"","format":"standard","meta":{"footnotes":""},"categories":[6],"tags":[],"class_list":["post-1606","post","type-post","status-publish","format-standard","has-post-thumbnail","hentry","category-cultura"],"_links":{"self":[{"href":"https:\/\/dzoncauichyucatan.gob.mx\/index.php\/wp-json\/wp\/v2\/posts\/1606","targetHints":{"allow":["GET"]}}],"collection":[{"href":"https:\/\/dzoncauichyucatan.gob.mx\/index.php\/wp-json\/wp\/v2\/posts"}],"about":[{"href":"https:\/\/dzoncauichyucatan.gob.mx\/index.php\/wp-json\/wp\/v2\/types\/post"}],"author":[{"embeddable":true,"href":"https:\/\/dzoncauichyucatan.gob.mx\/index.php\/wp-json\/wp\/v2\/users\/1"}],"replies":[{"embeddable":true,"href":"https:\/\/dzoncauichyucatan.gob.mx\/index.php\/wp-json\/wp\/v2\/comments?post=1606"}],"version-history":[{"count":1,"href":"https:\/\/dzoncauichyucatan.gob.mx\/index.php\/wp-json\/wp\/v2\/posts\/1606\/revisions"}],"predecessor-version":[{"id":1616,"href":"https:\/\/dzoncauichyucatan.gob.mx\/index.php\/wp-json\/wp\/v2\/posts\/1606\/revisions\/1616"}],"wp:featuredmedia":[{"embeddable":true,"href":"https:\/\/dzoncauichyucatan.gob.mx\/index.php\/wp-json\/wp\/v2\/media\/1607"}],"wp:attachment":[{"href":"https:\/\/dzoncauichyucatan.gob.mx\/index.php\/wp-json\/wp\/v2\/media?parent=1606"}],"wp:term":[{"taxonomy":"category","embeddable":true,"href":"https:\/\/dzoncauichyucatan.gob.mx\/index.php\/wp-json\/wp\/v2\/categories?post=1606"},{"taxonomy":"post_tag","embeddable":true,"href":"https:\/\/dzoncauichyucatan.gob.mx\/index.php\/wp-json\/wp\/v2\/tags?post=1606"}],"curies":[{"name":"wp","href":"https:\/\/api.w.org\/{rel}","templated":true}]}}