{"id":1704,"date":"2025-04-23T23:35:30","date_gmt":"2025-04-23T23:35:30","guid":{"rendered":"https:\/\/dzoncauichyucatan.gob.mx\/?p=1704"},"modified":"2025-04-23T23:35:30","modified_gmt":"2025-04-23T23:35:30","slug":"traslado-de-la-virgen-de-la-inmaculada-concepcion","status":"publish","type":"post","link":"https:\/\/dzoncauichyucatan.gob.mx\/index.php\/2025\/04\/23\/traslado-de-la-virgen-de-la-inmaculada-concepcion\/","title":{"rendered":"Traslado de la Virgen de la Inmaculada Concepci\u00f3n."},"content":{"rendered":"<div id='gallery-1' class='gallery galleryid-1704 gallery-columns-5 gallery-size-thumbnail'><figure class='gallery-item'>\n\t\t\t<div class='gallery-icon landscape'>\n\t\t\t\t<a href='https:\/\/dzoncauichyucatan.gob.mx\/wp-content\/uploads\/2025\/04\/492332627_122167134920511417_4831110975413402520_n.jpg'><img loading=\"lazy\" decoding=\"async\" width=\"150\" height=\"150\" src=\"https:\/\/dzoncauichyucatan.gob.mx\/wp-content\/uploads\/2025\/04\/492332627_122167134920511417_4831110975413402520_n-150x150.jpg\" class=\"attachment-thumbnail size-thumbnail\" alt=\"\" \/><\/a>\n\t\t\t<\/div><\/figure><figure class='gallery-item'>\n\t\t\t<div class='gallery-icon landscape'>\n\t\t\t\t<a href='https:\/\/dzoncauichyucatan.gob.mx\/wp-content\/uploads\/2025\/04\/492466957_122167134956511417_7200951624564617968_n.jpg'><img loading=\"lazy\" decoding=\"async\" width=\"150\" height=\"150\" src=\"https:\/\/dzoncauichyucatan.gob.mx\/wp-content\/uploads\/2025\/04\/492466957_122167134956511417_7200951624564617968_n-150x150.jpg\" class=\"attachment-thumbnail size-thumbnail\" alt=\"\" \/><\/a>\n\t\t\t<\/div><\/figure><figure class='gallery-item'>\n\t\t\t<div class='gallery-icon landscape'>\n\t\t\t\t<a href='https:\/\/dzoncauichyucatan.gob.mx\/wp-content\/uploads\/2025\/04\/492479274_122167134518511417_7783714548060052589_n.jpg'><img loading=\"lazy\" decoding=\"async\" width=\"150\" height=\"150\" src=\"https:\/\/dzoncauichyucatan.gob.mx\/wp-content\/uploads\/2025\/04\/492479274_122167134518511417_7783714548060052589_n-150x150.jpg\" class=\"attachment-thumbnail size-thumbnail\" alt=\"\" \/><\/a>\n\t\t\t<\/div><\/figure><figure class='gallery-item'>\n\t\t\t<div class='gallery-icon landscape'>\n\t\t\t\t<a href='https:\/\/dzoncauichyucatan.gob.mx\/wp-content\/uploads\/2025\/04\/493317897_122167134938511417_8332181064660616628_n.jpg'><img loading=\"lazy\" decoding=\"async\" width=\"150\" height=\"150\" src=\"https:\/\/dzoncauichyucatan.gob.mx\/wp-content\/uploads\/2025\/04\/493317897_122167134938511417_8332181064660616628_n-150x150.jpg\" class=\"attachment-thumbnail size-thumbnail\" alt=\"\" \/><\/a>\n\t\t\t<\/div><\/figure><figure class='gallery-item'>\n\t\t\t<div class='gallery-icon landscape'>\n\t\t\t\t<a href='https:\/\/dzoncauichyucatan.gob.mx\/wp-content\/uploads\/2025\/04\/493586041_122167134740511417_3384231251166560153_n.jpg'><img loading=\"lazy\" decoding=\"async\" width=\"150\" height=\"150\" src=\"https:\/\/dzoncauichyucatan.gob.mx\/wp-content\/uploads\/2025\/04\/493586041_122167134740511417_3384231251166560153_n-150x150.jpg\" class=\"attachment-thumbnail size-thumbnail\" alt=\"\" \/><\/a>\n\t\t\t<\/div><\/figure>\n\t\t<\/div>\n\n<div class=\"x11i5rnm xat24cr x1mh8g0r x1vvkbs xtlvy1s x126k92a\">\n<div dir=\"auto\">Con enorme alegr\u00eda, el H. Ayuntamiento 2024\u20132027 comparte la llegada de la Virgen de la Inmaculada Concepci\u00f3n a nuestro municipio, patrona a quien honramos con gran devoci\u00f3n y por quien celebramos nuestra tradicional feria.<\/div>\n<\/div>\n<div class=\"x11i5rnm xat24cr x1mh8g0r x1vvkbs xtlvy1s x126k92a\">\n<div dir=\"auto\">Desde temprana hora, un nutrido grupo de habitantes de Dzoncauich se traslad\u00f3 hasta Buctzotz para acompa\u00f1ar con f\u00e9 y entusiasmo a la Virgen durante todo su recorrido hasta nuestro pueblo. Fue una muestra viva de unidad, tradici\u00f3n y amor por nuestras ra\u00edces.<\/div>\n<\/div>\n<div class=\"x11i5rnm xat24cr x1mh8g0r x1vvkbs xtlvy1s x126k92a\">\n<div dir=\"auto\">A su llegada, se llev\u00f3 a cabo una emotiva misa de bienvenida en la que participaron autoridades municipales, as\u00ed como muchas familias de la localidad que se dieron cita para recibirla con respeto y fervor.<\/div>\n<\/div>\n<div class=\"x11i5rnm xat24cr x1mh8g0r x1vvkbs xtlvy1s x126k92a\">\n<div dir=\"auto\">Esta visita marca oficialmente el inicio de la \ud835\udc6d\ud835\udc86\ud835\udc93\ud835\udc8a\ud835\udc82 \ud835\udc7b\ud835\udc93\ud835\udc82\ud835\udc85\ud835\udc8a\ud835\udc84\ud835\udc8a\ud835\udc90\ud835\udc8f\ud835\udc82\ud835\udc8d \ud835\udc6b\ud835\udc9b\ud835\udc90\ud835\udc8f\ud835\udc84\ud835\udc82\ud835\udc96\ud835\udc8a\ud835\udc84\ud835\udc89 2025, una fiesta llena de cultura, alegr\u00eda y tradiciones que celebramos en su honor.<\/div>\n<\/div>\n<div class=\"x11i5rnm xat24cr x1mh8g0r x1vvkbs xtlvy1s x126k92a\">\n<div dir=\"auto\">Invitamos a toda la comunidad y al p\u00fablico en general a disfrutar de todas las actividades que el H. Ayuntamiento 2024-2027 ha preparado para estos d\u00edas de fiesta.<\/div>\n<\/div>\n","protected":false},"excerpt":{"rendered":"<p>Con enorme alegr\u00eda, el H. Ayuntamiento 2024\u20132027 comparte la llegada de la Virgen de la Inmaculada Concepci\u00f3n a nuestro municipio, patrona a quien honramos con<\/p>\n","protected":false},"author":1,"featured_media":1706,"comment_status":"closed","ping_status":"open","sticky":false,"template":"","format":"standard","meta":{"footnotes":""},"categories":[6],"tags":[],"class_list":["post-1704","post","type-post","status-publish","format-standard","has-post-thumbnail","hentry","category-cultura"],"_links":{"self":[{"href":"https:\/\/dzoncauichyucatan.gob.mx\/index.php\/wp-json\/wp\/v2\/posts\/1704","targetHints":{"allow":["GET"]}}],"collection":[{"href":"https:\/\/dzoncauichyucatan.gob.mx\/index.php\/wp-json\/wp\/v2\/posts"}],"about":[{"href":"https:\/\/dzoncauichyucatan.gob.mx\/index.php\/wp-json\/wp\/v2\/types\/post"}],"author":[{"embeddable":true,"href":"https:\/\/dzoncauichyucatan.gob.mx\/index.php\/wp-json\/wp\/v2\/users\/1"}],"replies":[{"embeddable":true,"href":"https:\/\/dzoncauichyucatan.gob.mx\/index.php\/wp-json\/wp\/v2\/comments?post=1704"}],"version-history":[{"count":1,"href":"https:\/\/dzoncauichyucatan.gob.mx\/index.php\/wp-json\/wp\/v2\/posts\/1704\/revisions"}],"predecessor-version":[{"id":1710,"href":"https:\/\/dzoncauichyucatan.gob.mx\/index.php\/wp-json\/wp\/v2\/posts\/1704\/revisions\/1710"}],"wp:featuredmedia":[{"embeddable":true,"href":"https:\/\/dzoncauichyucatan.gob.mx\/index.php\/wp-json\/wp\/v2\/media\/1706"}],"wp:attachment":[{"href":"https:\/\/dzoncauichyucatan.gob.mx\/index.php\/wp-json\/wp\/v2\/media?parent=1704"}],"wp:term":[{"taxonomy":"category","embeddable":true,"href":"https:\/\/dzoncauichyucatan.gob.mx\/index.php\/wp-json\/wp\/v2\/categories?post=1704"},{"taxonomy":"post_tag","embeddable":true,"href":"https:\/\/dzoncauichyucatan.gob.mx\/index.php\/wp-json\/wp\/v2\/tags?post=1704"}],"curies":[{"name":"wp","href":"https:\/\/api.w.org\/{rel}","templated":true}]}}