{"id":1819,"date":"2025-07-23T19:18:10","date_gmt":"2025-07-23T19:18:10","guid":{"rendered":"https:\/\/dzoncauichyucatan.gob.mx\/?p=1819"},"modified":"2025-07-23T19:18:10","modified_gmt":"2025-07-23T19:18:10","slug":"4to-encuentro-infantil-multidisciplinario-en-lengua-maya","status":"publish","type":"post","link":"https:\/\/dzoncauichyucatan.gob.mx\/index.php\/2025\/07\/23\/4to-encuentro-infantil-multidisciplinario-en-lengua-maya\/","title":{"rendered":"4to. Encuentro Infantil Multidisciplinario en Lengua Maya."},"content":{"rendered":"<div id='gallery-1' class='gallery galleryid-1819 gallery-columns-2 gallery-size-thumbnail'><figure class='gallery-item'>\n\t\t\t<div class='gallery-icon landscape'>\n\t\t\t\t<a href='https:\/\/dzoncauichyucatan.gob.mx\/wp-content\/uploads\/2025\/07\/510019026_122108348810909103_1469356896713940230_n.jpg'><img loading=\"lazy\" decoding=\"async\" width=\"150\" height=\"150\" src=\"https:\/\/dzoncauichyucatan.gob.mx\/wp-content\/uploads\/2025\/07\/510019026_122108348810909103_1469356896713940230_n-150x150.jpg\" class=\"attachment-thumbnail size-thumbnail\" alt=\"\" \/><\/a>\n\t\t\t<\/div><\/figure><figure class='gallery-item'>\n\t\t\t<div class='gallery-icon portrait'>\n\t\t\t\t<a href='https:\/\/dzoncauichyucatan.gob.mx\/wp-content\/uploads\/2025\/07\/510478102_122108348756909103_9119275211160331488_n.jpg'><img loading=\"lazy\" decoding=\"async\" width=\"150\" height=\"150\" src=\"https:\/\/dzoncauichyucatan.gob.mx\/wp-content\/uploads\/2025\/07\/510478102_122108348756909103_9119275211160331488_n-150x150.jpg\" class=\"attachment-thumbnail size-thumbnail\" alt=\"\" \/><\/a>\n\t\t\t<\/div><\/figure>\n\t\t<\/div>\n\n<div class=\"x14z9mp xat24cr x1lziwak x1vvkbs xtlvy1s x126k92a\">\n<div dir=\"auto\">El d\u00eda de hoy, nuestras ni\u00f1as y ni\u00f1os difusores participaron con gran entusiasmo en el Proyecto Regional del Sur: 4\u00b0 Encuentro Infantil Multidisciplinario en Lengua Maya (poes\u00eda, m\u00fasica y teatro), realizado en el Gran Museo del Mundo Maya, en M\u00e9rida, Yucat\u00e1n.<\/div>\n<\/div>\n<div class=\"x14z9mp xat24cr x1lziwak x1vvkbs xtlvy1s x126k92a\">\n<div dir=\"auto\">Este importante evento tiene como objetivo fomentar en la infancia el aprecio y la preservaci\u00f3n de la lengua maya mediante experiencias art\u00edsticas y culturales, promoviendo as\u00ed nuestras ra\u00edces y valores.<\/div>\n<\/div>\n<div class=\"x14z9mp xat24cr x1lziwak x1vvkbs xtlvy1s x126k92a\">\n<div dir=\"auto\">Agradecemos profundamente el respaldo de nuestro presidente municipal de Dzoncauich, Lic. Sergio Cohuo Zavala y la presidenta del DIF Municipal, <span class=\"html-span xdj266r x14z9mp xat24cr x1lziwak xexx8yu xyri2b x18d9i69 x1c1uobl x1hl2dhg x16tdsg8 x1vvkbs\"><a class=\"x1i10hfl xjbqb8w x1ejq31n x18oe1m7 x1sy0etr xstzfhl x972fbf x10w94by x1qhh985 x14e42zd x9f619 x1ypdohk xt0psk2 xe8uvvx xdj266r x14z9mp xat24cr x1lziwak xexx8yu xyri2b x18d9i69 x1c1uobl x16tdsg8 x1hl2dhg xggy1nq x1a2a7pz xkrqix3 x1sur9pj x1fey0fg x1s688f\" tabindex=\"0\" role=\"link\" href=\"https:\/\/www.facebook.com\/sharon.polanco.2025?__cft__[0]=AZUulEKLeuz32TnlJkLQ75mEA9ePK4s0DqL9KC1gpQIG1EsOCtmkmG9OdJg_YigVL_NnKnt1kkAv49fVp5EOt0ATFyj8QR0gL5paG04LFSXm5e5kCcv4SU7CMawgAzd8OeyhvLIg6T0c3FVjV9xDEMXa7qFndut6OHuQCX_KCny5rA&amp;__tn__=-]K-R\"><span class=\"xt0psk2\"><span class=\"xjp7ctv\">Sharon Polanco<\/span><\/span><\/a><\/span>, quienes con gran compromiso, coordinaron las facilidades necesarias para el traslado y participaci\u00f3n de nuestros ni\u00f1os en esta enriquecedora jornada.<\/div>\n<\/div>\n<div class=\"x14z9mp xat24cr x1lziwak x1vvkbs xtlvy1s x126k92a\">\n<div dir=\"auto\">\u00a1Sigamos promoviendo nuestras tradiciones desde la ni\u00f1ez!<\/div>\n<\/div>\n","protected":false},"excerpt":{"rendered":"<p>El d\u00eda de hoy, nuestras ni\u00f1as y ni\u00f1os difusores participaron con gran entusiasmo en el Proyecto Regional del Sur: 4\u00b0 Encuentro Infantil Multidisciplinario en Lengua<\/p>\n","protected":false},"author":1,"featured_media":1820,"comment_status":"closed","ping_status":"open","sticky":false,"template":"","format":"standard","meta":{"footnotes":""},"categories":[7],"tags":[],"class_list":["post-1819","post","type-post","status-publish","format-standard","has-post-thumbnail","hentry","category-dif-municipal"],"_links":{"self":[{"href":"https:\/\/dzoncauichyucatan.gob.mx\/index.php\/wp-json\/wp\/v2\/posts\/1819","targetHints":{"allow":["GET"]}}],"collection":[{"href":"https:\/\/dzoncauichyucatan.gob.mx\/index.php\/wp-json\/wp\/v2\/posts"}],"about":[{"href":"https:\/\/dzoncauichyucatan.gob.mx\/index.php\/wp-json\/wp\/v2\/types\/post"}],"author":[{"embeddable":true,"href":"https:\/\/dzoncauichyucatan.gob.mx\/index.php\/wp-json\/wp\/v2\/users\/1"}],"replies":[{"embeddable":true,"href":"https:\/\/dzoncauichyucatan.gob.mx\/index.php\/wp-json\/wp\/v2\/comments?post=1819"}],"version-history":[{"count":1,"href":"https:\/\/dzoncauichyucatan.gob.mx\/index.php\/wp-json\/wp\/v2\/posts\/1819\/revisions"}],"predecessor-version":[{"id":1822,"href":"https:\/\/dzoncauichyucatan.gob.mx\/index.php\/wp-json\/wp\/v2\/posts\/1819\/revisions\/1822"}],"wp:featuredmedia":[{"embeddable":true,"href":"https:\/\/dzoncauichyucatan.gob.mx\/index.php\/wp-json\/wp\/v2\/media\/1820"}],"wp:attachment":[{"href":"https:\/\/dzoncauichyucatan.gob.mx\/index.php\/wp-json\/wp\/v2\/media?parent=1819"}],"wp:term":[{"taxonomy":"category","embeddable":true,"href":"https:\/\/dzoncauichyucatan.gob.mx\/index.php\/wp-json\/wp\/v2\/categories?post=1819"},{"taxonomy":"post_tag","embeddable":true,"href":"https:\/\/dzoncauichyucatan.gob.mx\/index.php\/wp-json\/wp\/v2\/tags?post=1819"}],"curies":[{"name":"wp","href":"https:\/\/api.w.org\/{rel}","templated":true}]}}