{"id":1823,"date":"2025-07-23T19:21:51","date_gmt":"2025-07-23T19:21:51","guid":{"rendered":"https:\/\/dzoncauichyucatan.gob.mx\/?p=1823"},"modified":"2025-07-23T19:21:51","modified_gmt":"2025-07-23T19:21:51","slug":"reunion-con-equipo-de-trabajo-y-cambio-de-comisariado-ejidal","status":"publish","type":"post","link":"https:\/\/dzoncauichyucatan.gob.mx\/index.php\/2025\/07\/23\/reunion-con-equipo-de-trabajo-y-cambio-de-comisariado-ejidal\/","title":{"rendered":"Reuni\u00f3n con equipo de trabajo y cambio de Comisariado Ejidal."},"content":{"rendered":"<div id='gallery-1' class='gallery galleryid-1823 gallery-columns-2 gallery-size-thumbnail'><figure class='gallery-item'>\n\t\t\t<div class='gallery-icon landscape'>\n\t\t\t\t<a href='https:\/\/dzoncauichyucatan.gob.mx\/wp-content\/uploads\/2025\/07\/513686934_579225548579310_1750497802620045514_n.jpg'><img loading=\"lazy\" decoding=\"async\" width=\"150\" height=\"150\" src=\"https:\/\/dzoncauichyucatan.gob.mx\/wp-content\/uploads\/2025\/07\/513686934_579225548579310_1750497802620045514_n-150x150.jpg\" class=\"attachment-thumbnail size-thumbnail\" alt=\"\" \/><\/a>\n\t\t\t<\/div><\/figure><figure class='gallery-item'>\n\t\t\t<div class='gallery-icon landscape'>\n\t\t\t\t<a href='https:\/\/dzoncauichyucatan.gob.mx\/wp-content\/uploads\/2025\/07\/514401236_579230551912143_5338978113535624637_n.jpg'><img loading=\"lazy\" decoding=\"async\" width=\"150\" height=\"150\" src=\"https:\/\/dzoncauichyucatan.gob.mx\/wp-content\/uploads\/2025\/07\/514401236_579230551912143_5338978113535624637_n-150x150.jpg\" class=\"attachment-thumbnail size-thumbnail\" alt=\"\" \/><\/a>\n\t\t\t<\/div><\/figure>\n\t\t<\/div>\n\n<p>Sostuve una reuni\u00f3n con parte de mi equipo de trabajo donde dimos el banderazo para mantener limpio de maleza nuestros caminos de acceso a la cabecera y la comisar\u00eda en esta temporada de lluvias. Posteriormente respondiendo a la invitaci\u00f3n de la casa ejidal de Dzoncauich acud\u00ed al cambio de comisariado ejidal, agradezco profundamente al comisario saliente: Mauricio Escalante y al comisario entrante: Francisco Santos por su siempre disposici\u00f3n de trabajo con un servidor. En sesi\u00f3n ejidal refrende mi apoyo y solidaridad con todos nuestros ejidatarios. Por hoy a sido todo! Vamos a despabilarnos un rato y ma\u00f1ana nos vemos a primera hora en ayuntamiento para nuestras audiencias.<\/p>\n","protected":false},"excerpt":{"rendered":"<p>Sostuve una reuni\u00f3n con parte de mi equipo de trabajo donde dimos el banderazo para mantener limpio de maleza nuestros caminos de acceso a la<\/p>\n","protected":false},"author":1,"featured_media":1825,"comment_status":"closed","ping_status":"open","sticky":false,"template":"","format":"standard","meta":{"footnotes":""},"categories":[4],"tags":[],"class_list":["post-1823","post","type-post","status-publish","format-standard","has-post-thumbnail","hentry","category-presidencia"],"_links":{"self":[{"href":"https:\/\/dzoncauichyucatan.gob.mx\/index.php\/wp-json\/wp\/v2\/posts\/1823","targetHints":{"allow":["GET"]}}],"collection":[{"href":"https:\/\/dzoncauichyucatan.gob.mx\/index.php\/wp-json\/wp\/v2\/posts"}],"about":[{"href":"https:\/\/dzoncauichyucatan.gob.mx\/index.php\/wp-json\/wp\/v2\/types\/post"}],"author":[{"embeddable":true,"href":"https:\/\/dzoncauichyucatan.gob.mx\/index.php\/wp-json\/wp\/v2\/users\/1"}],"replies":[{"embeddable":true,"href":"https:\/\/dzoncauichyucatan.gob.mx\/index.php\/wp-json\/wp\/v2\/comments?post=1823"}],"version-history":[{"count":1,"href":"https:\/\/dzoncauichyucatan.gob.mx\/index.php\/wp-json\/wp\/v2\/posts\/1823\/revisions"}],"predecessor-version":[{"id":1826,"href":"https:\/\/dzoncauichyucatan.gob.mx\/index.php\/wp-json\/wp\/v2\/posts\/1823\/revisions\/1826"}],"wp:featuredmedia":[{"embeddable":true,"href":"https:\/\/dzoncauichyucatan.gob.mx\/index.php\/wp-json\/wp\/v2\/media\/1825"}],"wp:attachment":[{"href":"https:\/\/dzoncauichyucatan.gob.mx\/index.php\/wp-json\/wp\/v2\/media?parent=1823"}],"wp:term":[{"taxonomy":"category","embeddable":true,"href":"https:\/\/dzoncauichyucatan.gob.mx\/index.php\/wp-json\/wp\/v2\/categories?post=1823"},{"taxonomy":"post_tag","embeddable":true,"href":"https:\/\/dzoncauichyucatan.gob.mx\/index.php\/wp-json\/wp\/v2\/tags?post=1823"}],"curies":[{"name":"wp","href":"https:\/\/api.w.org\/{rel}","templated":true}]}}