{"id":1881,"date":"2025-08-20T18:07:11","date_gmt":"2025-08-20T18:07:11","guid":{"rendered":"https:\/\/dzoncauichyucatan.gob.mx\/?p=1881"},"modified":"2025-08-20T18:07:11","modified_gmt":"2025-08-20T18:07:11","slug":"clausura-del-taller-de-danza-jazz-y-ballet-del-programa-crea","status":"publish","type":"post","link":"https:\/\/dzoncauichyucatan.gob.mx\/index.php\/2025\/08\/20\/clausura-del-taller-de-danza-jazz-y-ballet-del-programa-crea\/","title":{"rendered":"Clausura del Taller de Danza Jazz y Ballet del programa CREA."},"content":{"rendered":"<div id='gallery-1' class='gallery galleryid-1881 gallery-columns-5 gallery-size-thumbnail'><figure class='gallery-item'>\n\t\t\t<div class='gallery-icon landscape'>\n\t\t\t\t<a href='https:\/\/dzoncauichyucatan.gob.mx\/wp-content\/uploads\/2025\/08\/524050606_122181738824511417_8563915781838045761_n.jpg'><img loading=\"lazy\" decoding=\"async\" width=\"150\" height=\"150\" src=\"https:\/\/dzoncauichyucatan.gob.mx\/wp-content\/uploads\/2025\/08\/524050606_122181738824511417_8563915781838045761_n-150x150.jpg\" class=\"attachment-thumbnail size-thumbnail\" alt=\"\" \/><\/a>\n\t\t\t<\/div><\/figure><figure class='gallery-item'>\n\t\t\t<div class='gallery-icon landscape'>\n\t\t\t\t<a href='https:\/\/dzoncauichyucatan.gob.mx\/wp-content\/uploads\/2025\/08\/524170619_122181738776511417_1025601622625679068_n.jpg'><img loading=\"lazy\" decoding=\"async\" width=\"150\" height=\"150\" src=\"https:\/\/dzoncauichyucatan.gob.mx\/wp-content\/uploads\/2025\/08\/524170619_122181738776511417_1025601622625679068_n-150x150.jpg\" class=\"attachment-thumbnail size-thumbnail\" alt=\"\" \/><\/a>\n\t\t\t<\/div><\/figure><figure class='gallery-item'>\n\t\t\t<div class='gallery-icon landscape'>\n\t\t\t\t<a href='https:\/\/dzoncauichyucatan.gob.mx\/wp-content\/uploads\/2025\/08\/524809360_122181739064511417_399298902650483500_n.jpg'><img loading=\"lazy\" decoding=\"async\" width=\"150\" height=\"150\" src=\"https:\/\/dzoncauichyucatan.gob.mx\/wp-content\/uploads\/2025\/08\/524809360_122181739064511417_399298902650483500_n-150x150.jpg\" class=\"attachment-thumbnail size-thumbnail\" alt=\"\" \/><\/a>\n\t\t\t<\/div><\/figure><figure class='gallery-item'>\n\t\t\t<div class='gallery-icon landscape'>\n\t\t\t\t<a href='https:\/\/dzoncauichyucatan.gob.mx\/wp-content\/uploads\/2025\/08\/525577827_122181739502511417_6087738177090945299_n.jpg'><img loading=\"lazy\" decoding=\"async\" width=\"150\" height=\"150\" src=\"https:\/\/dzoncauichyucatan.gob.mx\/wp-content\/uploads\/2025\/08\/525577827_122181739502511417_6087738177090945299_n-150x150.jpg\" class=\"attachment-thumbnail size-thumbnail\" alt=\"\" \/><\/a>\n\t\t\t<\/div><\/figure><figure class='gallery-item'>\n\t\t\t<div class='gallery-icon landscape'>\n\t\t\t\t<a href='https:\/\/dzoncauichyucatan.gob.mx\/wp-content\/uploads\/2025\/08\/525967483_122181738872511417_4258991470932660389_n.jpg'><img loading=\"lazy\" decoding=\"async\" width=\"150\" height=\"150\" src=\"https:\/\/dzoncauichyucatan.gob.mx\/wp-content\/uploads\/2025\/08\/525967483_122181738872511417_4258991470932660389_n-150x150.jpg\" class=\"attachment-thumbnail size-thumbnail\" alt=\"\" \/><\/a>\n\t\t\t<\/div><\/figure>\n\t\t<\/div>\n\n<div class=\"xdj266r x14z9mp xat24cr x1lziwak x1vvkbs x126k92a\">\n<div dir=\"auto\">La noche de ayer se llev\u00f3 a cabo la \ud835\udc02\ud835\udc25\ud835\udc1a\ud835\udc2e\ud835\udc2c\ud835\udc2e\ud835\udc2b\ud835\udc1a \ud835\udc1d\ud835\udc1e\ud835\udc25 \ud835\udc2d\ud835\udc1a\ud835\udc25\ud835\udc25\ud835\udc1e\ud835\udc2b \ud835\udc1d\ud835\udc1e \ud835\udc03\ud835\udc1a\ud835\udc27\ud835\udc33\ud835\udc1a \ud835\udc09\ud835\udc1a\ud835\udc33\ud835\udc33 &amp; \ud835\udc01\ud835\udc1a\ud835\udc25\ud835\udc25\ud835\udc1e\ud835\udc2d del \ud835\udc91\ud835\udc93\ud835\udc90\ud835\udc88\ud835\udc93\ud835\udc82\ud835\udc8e\ud835\udc82 \ud835\udc6a\ud835\udc79\ud835\udc6c\ud835\udc68, un evento que llen\u00f3 de ritmo, tradici\u00f3n y talento a nuestra comunidad.<\/div>\n<\/div>\n<div class=\"x14z9mp xat24cr x1lziwak x1vvkbs xtlvy1s x126k92a\">\n<div dir=\"auto\">Agradecemos al H. Ayuntamiento de Dzoncauich 2024-2027 y, de manera especial, a nuestro alcalde Lic. <span class=\"html-span xdj266r x14z9mp xat24cr x1lziwak xexx8yu xyri2b x18d9i69 x1c1uobl x1hl2dhg x16tdsg8 x1vvkbs\"><a class=\"x1i10hfl xjbqb8w x1ejq31n x18oe1m7 x1sy0etr xstzfhl x972fbf x10w94by x1qhh985 x14e42zd x9f619 x1ypdohk xt0psk2 x3ct3a4 xdj266r x14z9mp xat24cr x1lziwak xexx8yu xyri2b x18d9i69 x1c1uobl x16tdsg8 x1hl2dhg xggy1nq x1a2a7pz xkrqix3 x1sur9pj x1fey0fg x1s688f\" tabindex=\"0\" role=\"link\" href=\"https:\/\/www.facebook.com\/sergio.cohuo.zavala.2025?__cft__[0]=AZU5ZzDVWIKQydQdff-QZDCfc8nnIPbVSUgJnHu2liR354kyoY67hcpf_yjka9ilWZ5RYJpCiL9KVC6CehW6R94cwAX5P6N_Ob5d9g_0iXQACUje2HSnDVY-ymmnZ5JpGhw&amp;__tn__=-]K-R\"><span class=\"xt0psk2\"><span class=\"xjp7ctv\">Sergio Cohuo Zavala<\/span><\/span><\/a><\/span>, por todas las facilidades ofrecidas para la realizaci\u00f3n de este evento, as\u00ed como a la Direcci\u00f3n de Cultura por su invaluable apoyo.<\/div>\n<\/div>\n<div class=\"x14z9mp xat24cr x1lziwak x1vvkbs xtlvy1s x126k92a\">\n<div dir=\"auto\">Durante la noche disfrutamos de:<\/div>\n<\/div>\n<div class=\"x14z9mp xat24cr x1lziwak x1vvkbs xtlvy1s x126k92a\">\n<div dir=\"auto\">\u201cLa Jarana Yucateca Estilizada con Ballet Cl\u00e1sico\u201d, una fusi\u00f3n de tradici\u00f3n y elegancia.<\/div>\n<\/div>\n<div class=\"x14z9mp xat24cr x1lziwak x1vvkbs xtlvy1s x126k92a\">\n<div dir=\"auto\">\u201cLos 80, 90 y 2000 con Estilo Jazz\u201d, un viaje lleno de energ\u00eda, nostalgia y pasi\u00f3n por la danza.<\/div>\n<\/div>\n<div class=\"x14z9mp xat24cr x1lziwak x1vvkbs xtlvy1s x126k92a\">\n<div dir=\"auto\">Adem\u00e1s, contamos con la destacada participaci\u00f3n del Ballet Folkl\u00f3rico del H. Ayuntamiento \u201cU Xiimbal Uj\u201d, quienes con su talento realzaron esta velada cultural.<\/div>\n<\/div>\n<div class=\"x14z9mp xat24cr x1lziwak x1vvkbs xtlvy1s x126k92a\">\n<div dir=\"auto\">Gracias a todos los que nos acompa\u00f1aron y celebraron con nosotros esta inolvidable clausura.<\/div>\n<\/div>\n","protected":false},"excerpt":{"rendered":"<p>La noche de ayer se llev\u00f3 a cabo la \ud835\udc02\ud835\udc25\ud835\udc1a\ud835\udc2e\ud835\udc2c\ud835\udc2e\ud835\udc2b\ud835\udc1a \ud835\udc1d\ud835\udc1e\ud835\udc25 \ud835\udc2d\ud835\udc1a\ud835\udc25\ud835\udc25\ud835\udc1e\ud835\udc2b \ud835\udc1d\ud835\udc1e \ud835\udc03\ud835\udc1a\ud835\udc27\ud835\udc33\ud835\udc1a \ud835\udc09\ud835\udc1a\ud835\udc33\ud835\udc33 &amp; \ud835\udc01\ud835\udc1a\ud835\udc25\ud835\udc25\ud835\udc1e\ud835\udc2d del \ud835\udc91\ud835\udc93\ud835\udc90\ud835\udc88\ud835\udc93\ud835\udc82\ud835\udc8e\ud835\udc82 \ud835\udc6a\ud835\udc79\ud835\udc6c\ud835\udc68, un evento que llen\u00f3 de<\/p>\n","protected":false},"author":1,"featured_media":1886,"comment_status":"closed","ping_status":"open","sticky":false,"template":"","format":"standard","meta":{"footnotes":""},"categories":[6],"tags":[],"class_list":["post-1881","post","type-post","status-publish","format-standard","has-post-thumbnail","hentry","category-cultura"],"_links":{"self":[{"href":"https:\/\/dzoncauichyucatan.gob.mx\/index.php\/wp-json\/wp\/v2\/posts\/1881","targetHints":{"allow":["GET"]}}],"collection":[{"href":"https:\/\/dzoncauichyucatan.gob.mx\/index.php\/wp-json\/wp\/v2\/posts"}],"about":[{"href":"https:\/\/dzoncauichyucatan.gob.mx\/index.php\/wp-json\/wp\/v2\/types\/post"}],"author":[{"embeddable":true,"href":"https:\/\/dzoncauichyucatan.gob.mx\/index.php\/wp-json\/wp\/v2\/users\/1"}],"replies":[{"embeddable":true,"href":"https:\/\/dzoncauichyucatan.gob.mx\/index.php\/wp-json\/wp\/v2\/comments?post=1881"}],"version-history":[{"count":1,"href":"https:\/\/dzoncauichyucatan.gob.mx\/index.php\/wp-json\/wp\/v2\/posts\/1881\/revisions"}],"predecessor-version":[{"id":1887,"href":"https:\/\/dzoncauichyucatan.gob.mx\/index.php\/wp-json\/wp\/v2\/posts\/1881\/revisions\/1887"}],"wp:featuredmedia":[{"embeddable":true,"href":"https:\/\/dzoncauichyucatan.gob.mx\/index.php\/wp-json\/wp\/v2\/media\/1886"}],"wp:attachment":[{"href":"https:\/\/dzoncauichyucatan.gob.mx\/index.php\/wp-json\/wp\/v2\/media?parent=1881"}],"wp:term":[{"taxonomy":"category","embeddable":true,"href":"https:\/\/dzoncauichyucatan.gob.mx\/index.php\/wp-json\/wp\/v2\/categories?post=1881"},{"taxonomy":"post_tag","embeddable":true,"href":"https:\/\/dzoncauichyucatan.gob.mx\/index.php\/wp-json\/wp\/v2\/tags?post=1881"}],"curies":[{"name":"wp","href":"https:\/\/api.w.org\/{rel}","templated":true}]}}