{"id":1888,"date":"2025-08-20T18:10:40","date_gmt":"2025-08-20T18:10:40","guid":{"rendered":"https:\/\/dzoncauichyucatan.gob.mx\/?p=1888"},"modified":"2025-08-20T18:10:40","modified_gmt":"2025-08-20T18:10:40","slug":"entrega-de-apoyo-a-gremios","status":"publish","type":"post","link":"https:\/\/dzoncauichyucatan.gob.mx\/index.php\/2025\/08\/20\/entrega-de-apoyo-a-gremios\/","title":{"rendered":"Entrega de apoyo a gremios."},"content":{"rendered":"<div id='gallery-1' class='gallery galleryid-1888 gallery-columns-6 gallery-size-thumbnail'><figure class='gallery-item'>\n\t\t\t<div class='gallery-icon portrait'>\n\t\t\t\t<a href='https:\/\/dzoncauichyucatan.gob.mx\/wp-content\/uploads\/2025\/08\/524920076_601369336364931_1536772894863051292_n.jpg'><img loading=\"lazy\" decoding=\"async\" width=\"150\" height=\"150\" src=\"https:\/\/dzoncauichyucatan.gob.mx\/wp-content\/uploads\/2025\/08\/524920076_601369336364931_1536772894863051292_n-150x150.jpg\" class=\"attachment-thumbnail size-thumbnail\" alt=\"\" \/><\/a>\n\t\t\t<\/div><\/figure><figure class='gallery-item'>\n\t\t\t<div class='gallery-icon landscape'>\n\t\t\t\t<a href='https:\/\/dzoncauichyucatan.gob.mx\/wp-content\/uploads\/2025\/08\/524925312_601369279698270_8614589647819613424_n.jpg'><img loading=\"lazy\" decoding=\"async\" width=\"150\" height=\"150\" src=\"https:\/\/dzoncauichyucatan.gob.mx\/wp-content\/uploads\/2025\/08\/524925312_601369279698270_8614589647819613424_n-150x150.jpg\" class=\"attachment-thumbnail size-thumbnail\" alt=\"\" \/><\/a>\n\t\t\t<\/div><\/figure><figure class='gallery-item'>\n\t\t\t<div class='gallery-icon landscape'>\n\t\t\t\t<a href='https:\/\/dzoncauichyucatan.gob.mx\/wp-content\/uploads\/2025\/08\/525024611_601369176364947_1544776395122968683_n.jpg'><img loading=\"lazy\" decoding=\"async\" width=\"150\" height=\"150\" src=\"https:\/\/dzoncauichyucatan.gob.mx\/wp-content\/uploads\/2025\/08\/525024611_601369176364947_1544776395122968683_n-150x150.jpg\" class=\"attachment-thumbnail size-thumbnail\" alt=\"\" \/><\/a>\n\t\t\t<\/div><\/figure><figure class='gallery-item'>\n\t\t\t<div class='gallery-icon portrait'>\n\t\t\t\t<a href='https:\/\/dzoncauichyucatan.gob.mx\/wp-content\/uploads\/2025\/08\/525131439_601369269698271_5261024378133957678_n.jpg'><img loading=\"lazy\" decoding=\"async\" width=\"150\" height=\"150\" src=\"https:\/\/dzoncauichyucatan.gob.mx\/wp-content\/uploads\/2025\/08\/525131439_601369269698271_5261024378133957678_n-150x150.jpg\" class=\"attachment-thumbnail size-thumbnail\" alt=\"\" \/><\/a>\n\t\t\t<\/div><\/figure><figure class='gallery-item'>\n\t\t\t<div class='gallery-icon landscape'>\n\t\t\t\t<a href='https:\/\/dzoncauichyucatan.gob.mx\/wp-content\/uploads\/2025\/08\/525418436_601369343031597_3739806921124783864_n.jpg'><img loading=\"lazy\" decoding=\"async\" width=\"150\" height=\"150\" src=\"https:\/\/dzoncauichyucatan.gob.mx\/wp-content\/uploads\/2025\/08\/525418436_601369343031597_3739806921124783864_n-150x150.jpg\" class=\"attachment-thumbnail size-thumbnail\" alt=\"\" \/><\/a>\n\t\t\t<\/div><\/figure><figure class='gallery-item'>\n\t\t\t<div class='gallery-icon landscape'>\n\t\t\t\t<a href='https:\/\/dzoncauichyucatan.gob.mx\/wp-content\/uploads\/2025\/08\/525422607_601369316364933_6816072053319320816_n.jpg'><img loading=\"lazy\" decoding=\"async\" width=\"150\" height=\"150\" src=\"https:\/\/dzoncauichyucatan.gob.mx\/wp-content\/uploads\/2025\/08\/525422607_601369316364933_6816072053319320816_n-150x150.jpg\" class=\"attachment-thumbnail size-thumbnail\" alt=\"\" \/><\/a>\n\t\t\t<\/div><\/figure>\n\t\t<\/div>\n\n<p>Me dio gusto saludar a mis amigos gremieros, representantes de directivas y familias que presiden este a\u00f1o. Diez en total que engalanan Dzoncauich en el mes de agosto, los gremios tienen un fuerte arraigo en nuestra tierra, es parte de nuestra identidad como pueblo y a nosotros como ayuntamiento nos corresponde poner nuestro granito de arena para fortalecerlos, es por eso que hoy se les entreg\u00f3 un apoyo econ\u00f3mico y en especie (ma\u00edz y frijol) para que puedan ayudarse en su encomienda. Buenas noches amigos, por hoy a sido todo nos vemos ma\u00f1ana. Dios los bendiga a todos!<\/p>\n","protected":false},"excerpt":{"rendered":"<p>Me dio gusto saludar a mis amigos gremieros, representantes de directivas y familias que presiden este a\u00f1o. Diez en total que engalanan Dzoncauich en el<\/p>\n","protected":false},"author":1,"featured_media":1893,"comment_status":"closed","ping_status":"open","sticky":false,"template":"","format":"standard","meta":{"footnotes":""},"categories":[4],"tags":[],"class_list":["post-1888","post","type-post","status-publish","format-standard","has-post-thumbnail","hentry","category-presidencia"],"_links":{"self":[{"href":"https:\/\/dzoncauichyucatan.gob.mx\/index.php\/wp-json\/wp\/v2\/posts\/1888","targetHints":{"allow":["GET"]}}],"collection":[{"href":"https:\/\/dzoncauichyucatan.gob.mx\/index.php\/wp-json\/wp\/v2\/posts"}],"about":[{"href":"https:\/\/dzoncauichyucatan.gob.mx\/index.php\/wp-json\/wp\/v2\/types\/post"}],"author":[{"embeddable":true,"href":"https:\/\/dzoncauichyucatan.gob.mx\/index.php\/wp-json\/wp\/v2\/users\/1"}],"replies":[{"embeddable":true,"href":"https:\/\/dzoncauichyucatan.gob.mx\/index.php\/wp-json\/wp\/v2\/comments?post=1888"}],"version-history":[{"count":1,"href":"https:\/\/dzoncauichyucatan.gob.mx\/index.php\/wp-json\/wp\/v2\/posts\/1888\/revisions"}],"predecessor-version":[{"id":1895,"href":"https:\/\/dzoncauichyucatan.gob.mx\/index.php\/wp-json\/wp\/v2\/posts\/1888\/revisions\/1895"}],"wp:featuredmedia":[{"embeddable":true,"href":"https:\/\/dzoncauichyucatan.gob.mx\/index.php\/wp-json\/wp\/v2\/media\/1893"}],"wp:attachment":[{"href":"https:\/\/dzoncauichyucatan.gob.mx\/index.php\/wp-json\/wp\/v2\/media?parent=1888"}],"wp:term":[{"taxonomy":"category","embeddable":true,"href":"https:\/\/dzoncauichyucatan.gob.mx\/index.php\/wp-json\/wp\/v2\/categories?post=1888"},{"taxonomy":"post_tag","embeddable":true,"href":"https:\/\/dzoncauichyucatan.gob.mx\/index.php\/wp-json\/wp\/v2\/tags?post=1888"}],"curies":[{"name":"wp","href":"https:\/\/api.w.org\/{rel}","templated":true}]}}