{"id":2339,"date":"2026-03-19T17:04:32","date_gmt":"2026-03-19T17:04:32","guid":{"rendered":"https:\/\/dzoncauichyucatan.gob.mx\/?p=2339"},"modified":"2026-03-19T17:04:32","modified_gmt":"2026-03-19T17:04:32","slug":"capacitacion-a-cocineras-del-dif-municipal","status":"publish","type":"post","link":"https:\/\/dzoncauichyucatan.gob.mx\/index.php\/2026\/03\/19\/capacitacion-a-cocineras-del-dif-municipal\/","title":{"rendered":"Capacitaci\u00f3n a cocineras del DIF Municipal."},"content":{"rendered":"<div id='gallery-1' class='gallery galleryid-2339 gallery-columns-4 gallery-size-thumbnail'><figure class='gallery-item'>\n\t\t\t<div class='gallery-icon landscape'>\n\t\t\t\t<a href='https:\/\/dzoncauichyucatan.gob.mx\/wp-content\/uploads\/2026\/03\/646017659_122162702522909103_8729591883018614345_n.jpg'><img loading=\"lazy\" decoding=\"async\" width=\"150\" height=\"150\" src=\"https:\/\/dzoncauichyucatan.gob.mx\/wp-content\/uploads\/2026\/03\/646017659_122162702522909103_8729591883018614345_n-150x150.jpg\" class=\"attachment-thumbnail size-thumbnail\" alt=\"\" \/><\/a>\n\t\t\t<\/div><\/figure><figure class='gallery-item'>\n\t\t\t<div class='gallery-icon portrait'>\n\t\t\t\t<a href='https:\/\/dzoncauichyucatan.gob.mx\/wp-content\/uploads\/2026\/03\/646138809_122162702588909103_6853482560705111507_n.jpg'><img loading=\"lazy\" decoding=\"async\" width=\"150\" height=\"150\" src=\"https:\/\/dzoncauichyucatan.gob.mx\/wp-content\/uploads\/2026\/03\/646138809_122162702588909103_6853482560705111507_n-150x150.jpg\" class=\"attachment-thumbnail size-thumbnail\" alt=\"\" \/><\/a>\n\t\t\t<\/div><\/figure><figure class='gallery-item'>\n\t\t\t<div class='gallery-icon landscape'>\n\t\t\t\t<a href='https:\/\/dzoncauichyucatan.gob.mx\/wp-content\/uploads\/2026\/03\/646199472_122162702426909103_1660095809684212147_n.jpg'><img loading=\"lazy\" decoding=\"async\" width=\"150\" height=\"150\" src=\"https:\/\/dzoncauichyucatan.gob.mx\/wp-content\/uploads\/2026\/03\/646199472_122162702426909103_1660095809684212147_n-150x150.jpg\" class=\"attachment-thumbnail size-thumbnail\" alt=\"\" \/><\/a>\n\t\t\t<\/div><\/figure><figure class='gallery-item'>\n\t\t\t<div class='gallery-icon portrait'>\n\t\t\t\t<a href='https:\/\/dzoncauichyucatan.gob.mx\/wp-content\/uploads\/2026\/03\/647162764_122162702474909103_4198252780310064386_n.jpg'><img loading=\"lazy\" decoding=\"async\" width=\"150\" height=\"150\" src=\"https:\/\/dzoncauichyucatan.gob.mx\/wp-content\/uploads\/2026\/03\/647162764_122162702474909103_4198252780310064386_n-150x150.jpg\" class=\"attachment-thumbnail size-thumbnail\" alt=\"\" \/><\/a>\n\t\t\t<\/div><\/figure>\n\t\t<\/div>\n\n<div class=\"xdj266r x14z9mp xat24cr x1lziwak x1vvkbs x126k92a\">\n<div dir=\"auto\">El DIF Municipal llev\u00f3 a cabo una importante capacitaci\u00f3n dirigida a nuestras cocineras, fortaleciendo sus conocimientos en temas fundamentales como el Plato del Buen Comer, medidas de higiene en la preparaci\u00f3n de alimentos y las porciones adecuadas para ni\u00f1as, ni\u00f1os, adolescentes y personas adultas mayores.<\/div>\n<\/div>\n<div class=\"x14z9mp xat24cr x1lziwak x1vvkbs xtlvy1s x126k92a\">\n<div dir=\"auto\">Este taller fue de gran enriquecimiento, ya que permiti\u00f3 reforzar pr\u00e1cticas que garantizan una alimentaci\u00f3n m\u00e1s saludable, balanceada y segura para quienes forman parte de nuestros programas.<\/div>\n<div dir=\"auto\">En el DIF Dzoncauich seguimos trabajando con compromiso y responsabilidad para brindar un servicio de calidad, siempre en beneficio de toda nuestra comunidad.<\/div>\n<\/div>\n","protected":false},"excerpt":{"rendered":"<p>El DIF Municipal llev\u00f3 a cabo una importante capacitaci\u00f3n dirigida a nuestras cocineras, fortaleciendo sus conocimientos en temas fundamentales como el Plato del Buen Comer,<\/p>\n","protected":false},"author":1,"featured_media":2342,"comment_status":"closed","ping_status":"open","sticky":false,"template":"","format":"standard","meta":{"footnotes":""},"categories":[7],"tags":[],"class_list":["post-2339","post","type-post","status-publish","format-standard","has-post-thumbnail","hentry","category-dif-municipal"],"_links":{"self":[{"href":"https:\/\/dzoncauichyucatan.gob.mx\/index.php\/wp-json\/wp\/v2\/posts\/2339","targetHints":{"allow":["GET"]}}],"collection":[{"href":"https:\/\/dzoncauichyucatan.gob.mx\/index.php\/wp-json\/wp\/v2\/posts"}],"about":[{"href":"https:\/\/dzoncauichyucatan.gob.mx\/index.php\/wp-json\/wp\/v2\/types\/post"}],"author":[{"embeddable":true,"href":"https:\/\/dzoncauichyucatan.gob.mx\/index.php\/wp-json\/wp\/v2\/users\/1"}],"replies":[{"embeddable":true,"href":"https:\/\/dzoncauichyucatan.gob.mx\/index.php\/wp-json\/wp\/v2\/comments?post=2339"}],"version-history":[{"count":1,"href":"https:\/\/dzoncauichyucatan.gob.mx\/index.php\/wp-json\/wp\/v2\/posts\/2339\/revisions"}],"predecessor-version":[{"id":2344,"href":"https:\/\/dzoncauichyucatan.gob.mx\/index.php\/wp-json\/wp\/v2\/posts\/2339\/revisions\/2344"}],"wp:featuredmedia":[{"embeddable":true,"href":"https:\/\/dzoncauichyucatan.gob.mx\/index.php\/wp-json\/wp\/v2\/media\/2342"}],"wp:attachment":[{"href":"https:\/\/dzoncauichyucatan.gob.mx\/index.php\/wp-json\/wp\/v2\/media?parent=2339"}],"wp:term":[{"taxonomy":"category","embeddable":true,"href":"https:\/\/dzoncauichyucatan.gob.mx\/index.php\/wp-json\/wp\/v2\/categories?post=2339"},{"taxonomy":"post_tag","embeddable":true,"href":"https:\/\/dzoncauichyucatan.gob.mx\/index.php\/wp-json\/wp\/v2\/tags?post=2339"}],"curies":[{"name":"wp","href":"https:\/\/api.w.org\/{rel}","templated":true}]}}